{"id":33,"__str__":"Avulso - Of\u00edcio Alian\u00e7a de Igreja e Pastores de 13/04/2023 por Alian\u00e7a de igreja e Pastores de Esperantina","link_detail_backend":"/materia/documentoacessorio/33","metadata":{},"nome":"Of\u00edcio Alian\u00e7a de Igreja e Pastores","data":"2023-04-13","autor":"Alian\u00e7a de igreja e Pastores de Esperantina","ementa":"Justifica pedido de altera\u00e7\u00e3o para comemora\u00e7\u00e3o do dia do evang\u00e9lico.","indexacao":"Pedido, Comemora\u00e7\u00e3o, evang\u00e9lico.","arquivo":"http://sapl.esperantina.pi.leg.br/media/sapl/public/documentoacessorio/2023/33/anexo_ao_plo_no_5_-_altera_data_dia_do_evangelico.pdf","data_ultima_atualizacao":"2023-04-13T13:28:21.909890-03:00","materia":1794,"tipo":3}