{"id":1443,"__str__":"INDICA\u00c7\u00c3O n\u00ba 220 de 2021","link_detail_backend":"/materia/1443","metadata":{},"numero":220,"ano":2021,"numero_protocolo":null,"data_apresentacao":"2021-08-20","tipo_apresentacao":"E","data_publicacao":null,"numero_origem_externa":"","ano_origem_externa":null,"data_origem_externa":null,"apelido":"","dias_prazo":30,"data_fim_prazo":null,"em_tramitacao":false,"polemica":false,"objeto":"","complementar":false,"ementa":"Ao Ilmo. Sr. Coordenador do Pro Piau\u00ed, que seja implantada uma Pra\u00e7a de Eventos na localidade Boa Vista dos Cariocas, neste munic\u00edpio.","indexacao":"Pra\u00e7a, Eventos, Boa Vista dos Cariocas.","observacao":"","resultado":"","texto_original":"http://sapl.esperantina.pi.leg.br/media/sapl/public/materialegislativa/2021/1443/indic._no_220_-_pc._eventos_boa_v._dos_cariocas.pdf","data_ultima_atualizacao":"2021-09-15T08:26:07.900039-03:00","ip":"143.0.177.122","ultima_edicao":"2021-08-20T15:50:48.863044-03:00","tipo":8,"regime_tramitacao":1,"tipo_origem_externa":null,"local_origem_externa":null,"user":33,"anexadas":[],"autores":[60,13]}