{"id":1685,"__str__":"INDICA\u00c7\u00c3O n\u00ba 79 de 2022","link_detail_backend":"/materia/1685","metadata":{},"numero":79,"ano":2022,"numero_protocolo":null,"data_apresentacao":"2022-07-05","tipo_apresentacao":"E","data_publicacao":null,"numero_origem_externa":"","ano_origem_externa":null,"data_origem_externa":null,"apelido":"","dias_prazo":30,"data_fim_prazo":null,"em_tramitacao":false,"polemica":false,"objeto":"","complementar":false,"ementa":"\u00c0 Exma. Sra. Prefeita Municipal de Esperantina, Ivan\u00e1ria Sampaio, a compra de uma ambul\u00e2ncia de UTI m\u00f3vel para o nosso munic\u00edpio.","indexacao":"Ambul\u00e2ncia, UTI, Munic\u00edpio.","observacao":"","resultado":"","texto_original":"http://sapl.esperantina.pi.leg.br/media/sapl/public/materialegislativa/2022/1685/indic._no_79_-__aquisicao_ambulancia_uti_movel.pdf","data_ultima_atualizacao":"2022-07-06T09:53:16.512671-03:00","ip":"177.107.26.43","ultima_edicao":"2022-07-05T08:35:52.957297-03:00","tipo":8,"regime_tramitacao":1,"tipo_origem_externa":null,"local_origem_externa":null,"user":33,"anexadas":[],"autores":[59]}