{"id":2229,"__str__":"INDICA\u00c7\u00c3O n\u00ba 44 de 2025","link_detail_backend":"/materia/2229","metadata":{},"numero":44,"ano":2025,"numero_protocolo":null,"data_apresentacao":"2025-04-04","tipo_apresentacao":"E","data_publicacao":null,"numero_origem_externa":"","ano_origem_externa":null,"data_origem_externa":null,"apelido":"","dias_prazo":30,"data_fim_prazo":null,"em_tramitacao":false,"polemica":false,"objeto":"","complementar":false,"ementa":"\u00c0 Secret\u00e1ria de Infraestrutura e Transportes, que providencie a implanta\u00e7\u00e3o de faixa de pedestres na Rua Coronel Jos\u00e9 Fortes, em frente \u00e0 Galeria Manoelito Chaves.","indexacao":"Infraestrutura, Faixa, Galeria.","observacao":"","resultado":"","texto_original":"http://sapl.esperantina.pi.leg.br/media/sapl/public/materialegislativa/2025/2229/indic._no_044.2025_-_faixa_de_pedestre_galeria_manoelito_chaves.pdf","data_ultima_atualizacao":"2025-04-11T13:12:20.960696-03:00","ip":"45.232.202.163","ultima_edicao":"2025-04-07T09:17:32.940106-03:00","tipo":8,"regime_tramitacao":1,"tipo_origem_externa":null,"local_origem_externa":null,"user":33,"anexadas":[],"autores":[12]}