{"id":2319,"__str__":"INDICA\u00c7\u00c3O n\u00ba 101 de 2025","link_detail_backend":"/materia/2319","metadata":{},"numero":101,"ano":2025,"numero_protocolo":null,"data_apresentacao":"2025-09-12","tipo_apresentacao":"E","data_publicacao":null,"numero_origem_externa":"","ano_origem_externa":null,"data_origem_externa":null,"apelido":"","dias_prazo":30,"data_fim_prazo":null,"em_tramitacao":true,"polemica":false,"objeto":"","complementar":false,"ementa":"Indica \u00e0 Excelent\u00edssima Senhora Prefeita Municipal, que determine ao setor competente a realiza\u00e7\u00e3o de servi\u00e7os de limpeza, manuten\u00e7\u00e3o e recupera\u00e7\u00e3o da Pra\u00e7a Dr. Patriota Rebelo, localizada na intersec\u00e7\u00e3o da rua Carvalho e Silva com David Caldas.","indexacao":"Limpeza, Recupera\u00e7\u00e3o, Pra\u00e7a.","observacao":"","resultado":"","texto_original":"http://sapl.esperantina.pi.leg.br/media/sapl/public/materialegislativa/2025/2319/indic._no_101_-_solic._revitalizacao_pc._patriota_rebelo.pdf","data_ultima_atualizacao":"2025-09-19T10:47:25.271581-03:00","ip":"45.232.203.75","ultima_edicao":"2025-09-19T10:45:04.276812-03:00","tipo":8,"regime_tramitacao":1,"tipo_origem_externa":null,"local_origem_externa":null,"user":33,"anexadas":[],"autores":[62]}