{"id":2350,"__str__":"PROJETO DE RESOLU\u00c7\u00c3O n\u00ba 2 de 2025","link_detail_backend":"/materia/2350","metadata":{},"numero":2,"ano":2025,"numero_protocolo":null,"data_apresentacao":"2025-10-24","tipo_apresentacao":"E","data_publicacao":null,"numero_origem_externa":"","ano_origem_externa":null,"data_origem_externa":null,"apelido":"","dias_prazo":30,"data_fim_prazo":null,"em_tramitacao":true,"polemica":false,"objeto":"","complementar":false,"ementa":"Disp\u00f5e sobre a cria\u00e7\u00e3o de verba indenizat\u00f3ria destinada ao exerc\u00edcio do mandato parlamentar e d\u00e1 outras provid\u00eancias.","indexacao":"Verba, Exerc\u00edcio, Mandato.","observacao":"","resultado":"","texto_original":"http://sapl.esperantina.pi.leg.br/media/sapl/public/materialegislativa/2025/2350/pres_no_02_-_verbas_indenizatorias.pdf","data_ultima_atualizacao":"2026-03-02T10:42:33.606022-03:00","ip":"168.227.18.2","ultima_edicao":"2026-03-02T10:42:33.375375-03:00","tipo":2,"regime_tramitacao":1,"tipo_origem_externa":null,"local_origem_externa":null,"user":33,"anexadas":[],"autores":[58,1,23,59,26,24,62,60,12]}