{"id":2412,"__str__":"INDICA\u00c7\u00c3O n\u00ba 2 de 2026","link_detail_backend":"/materia/2412","metadata":{},"numero":2,"ano":2026,"numero_protocolo":null,"data_apresentacao":"2026-02-06","tipo_apresentacao":"E","data_publicacao":null,"numero_origem_externa":"","ano_origem_externa":null,"data_origem_externa":null,"apelido":"","dias_prazo":30,"data_fim_prazo":null,"em_tramitacao":false,"polemica":false,"objeto":"","complementar":false,"ementa":"Ao Excelent\u00edssimo Senhor Them\u00edstocles Filho, vice-governador do estado do Piau\u00ed a necessidade de destina\u00e7\u00e3o de recursos financeiros para a eleva\u00e7\u00e3o da pista e o cal\u00e7amento da Rua Projetada 42, situada entre a avenida do cais e o campo da Binga, neste munic\u00edpio.","indexacao":"Recursos, Cal\u00e7amento, Campo.","observacao":"","resultado":"","texto_original":"http://sapl.esperantina.pi.leg.br/media/sapl/public/materialegislativa/2026/2412/indic._no_002_-_elevacao_projetada_43.pdf","data_ultima_atualizacao":"2026-03-05T11:10:19.838117-03:00","ip":"191.37.3.4","ultima_edicao":"2026-02-06T18:08:18.416456-03:00","tipo":8,"regime_tramitacao":1,"tipo_origem_externa":null,"local_origem_externa":null,"user":33,"anexadas":[],"autores":[26]}