{"id":2417,"__str__":"INDICA\u00c7\u00c3O n\u00ba 7 de 2026","link_detail_backend":"/materia/2417","metadata":{},"numero":7,"ano":2026,"numero_protocolo":null,"data_apresentacao":"2026-02-06","tipo_apresentacao":"E","data_publicacao":null,"numero_origem_externa":"","ano_origem_externa":null,"data_origem_externa":null,"apelido":"","dias_prazo":30,"data_fim_prazo":null,"em_tramitacao":false,"polemica":false,"objeto":"","complementar":false,"ementa":"Ao Ilmo. Sr. Secret\u00e1rio de Estado da Educa\u00e7\u00e3o, a necessidade de que sejam adotadas provid\u00eancias, em car\u00e1ter priorit\u00e1rio, para a climatiza\u00e7\u00e3o do Centro Estadual de Tempo Integral (CETI) Maria do Amparo Oliveira, localizado na comunidade Canto da Palmeira, munic\u00edpio de Esperantina - PI.","indexacao":"Provid\u00eancias, Climatiza\u00e7\u00e3o, Canto da Palmeira.","observacao":"","resultado":"","texto_original":"http://sapl.esperantina.pi.leg.br/media/sapl/public/materialegislativa/2026/2417/indic._no_07_-_climatizacao_ceti_ma._amparo.pdf","data_ultima_atualizacao":"2026-02-11T12:39:05.263423-03:00","ip":"191.37.3.4","ultima_edicao":"2026-02-06T18:26:38.780493-03:00","tipo":8,"regime_tramitacao":1,"tipo_origem_externa":null,"local_origem_externa":null,"user":33,"anexadas":[],"autores":[23]}