{"id":851,"__str__":"INDICA\u00c7\u00c3O n\u00ba 18 de 2019","link_detail_backend":"/materia/851","metadata":{},"numero":18,"ano":2019,"numero_protocolo":null,"data_apresentacao":"2019-03-01","tipo_apresentacao":"E","data_publicacao":null,"numero_origem_externa":"","ano_origem_externa":null,"data_origem_externa":null,"apelido":"","dias_prazo":30,"data_fim_prazo":null,"em_tramitacao":false,"polemica":false,"objeto":"","complementar":false,"ementa":"\u00c0 EXMA. SRA. PREFEITA, PARA SOLICITAR \u00c0 SECRETARIA MUNICIPAL DE INFRAESTRUTURA PARA PROVIDENCIAR A ILUMINA\u00c7\u00c3O P\u00daBLICA DA GALERIA MANOELITO CHAVES, LOCALIZADA ENTRE AS RUAS CEL. JOS\u00c9 FORTES E HERM\u00cdNIO CASTELO BRANCO.","indexacao":"ILUMINA\u00c7\u00c3O, GALERIA, RUAS.","observacao":"","resultado":"","texto_original":"http://sapl.esperantina.pi.leg.br/media/sapl/public/materialegislativa/2019/851/indic._no_18_-_iluminacao_galeria_manoelito_chaves.pdf","data_ultima_atualizacao":"2019-03-11T10:42:59.498347-03:00","ip":"","ultima_edicao":null,"tipo":8,"regime_tramitacao":1,"tipo_origem_externa":null,"local_origem_externa":null,"user":null,"anexadas":[],"autores":[27]}