{"id":3066,"__str__":"INDICA\u00c7\u00c3O n\u00ba 162 de 2021 | Resposta a mat\u00e9ria aprovada em sess\u00e3o | 18/06/2021","link_detail_backend":"/materia/tramitacao/3066","metadata":{},"timestamp":"2021-08-03T11:17:15.928212-03:00","data_tramitacao":"2021-06-18","data_encaminhamento":"2021-07-02","urgente":false,"turno":"F","texto":"Resposta da prefeitura: O pleito do Nobre Vereador, \u00e9 de grande valia, no entanto, \u00e9 importante ressaltar que, a Prefeitura Municipal de Esperantina, atrav\u00e9s de emenda do Dep. Estadual Themistocles Filho e do Dep. Federal Marcos Aur\u00e9lio, j\u00e1 no m\u00eas de agosto, iniciar\u00e1 obras de cal\u00e7amento em diversos pontos da cidade municipal.","data_fim_prazo":null,"ip":"138.118.41.115","ultima_edicao":"2021-08-03T11:15:40.467265-03:00","status":53,"materia":1371,"unidade_tramitacao_local":4,"unidade_tramitacao_destino":5,"user":33}