{"id":199,"__str__":"Resolu\u00e7\u00e3o-CME n\u00ba 3, de 06 de fevereiro de 2023","link_detail_backend":"/norma/199","metadata":{},"texto_integral":"http://sapl.esperantina.pi.leg.br/media/sapl/public/normajuridica/2023/199/res_no_3_-_reajusta_valor_das_diarias.pdf","numero":"3","ano":2023,"esfera_federacao":"M","data":"2023-02-06","data_publicacao":"2023-02-07","veiculo_publicacao":"Di\u00e1rio Oficial dos Munic\u00edpios","pagina_inicio_publicacao":291,"pagina_fim_publicacao":291,"ementa":"Reajusta o valor das di\u00e1rias a vereadores e servidores do Poder Legislativo do Munic\u00edpio de Esperantina-PI e d\u00e1 outras provid\u00eancias.","indexacao":"Reajusta, Di\u00e1rias, Legislativo.","observacao":"","complemento":false,"data_vigencia":null,"timestamp":"2023-02-07T12:03:31.817698-03:00","data_ultima_atualizacao":"2023-02-07T12:03:31.817950-03:00","ip":"177.107.26.171","ultima_edicao":"2023-02-07T12:03:31.524544-03:00","tipo":3,"materia":1761,"orgao":2,"user":33,"assuntos":[],"autores":[]}